{"id":37594,"date":"2024-02-01T17:21:55","date_gmt":"2024-02-01T16:21:55","guid":{"rendered":"https:\/\/www.agenzia-domus.com\/it\/?p=37594"},"modified":"2024-02-01T17:35:23","modified_gmt":"2024-02-01T16:35:23","slug":"from-villa-garnier-to-villa-bischoffsheim-beauty-history-and-architecture-in-the-palm-city","status":"publish","type":"post","link":"https:\/\/www.agenzia-domus.com\/it\/da-villa-garnier-a-villa-bischoffsheim-bellezza-e-architettura-nella-citta-delle-palme\/","title":{"rendered":"Da Villa Garnier a Villa Bischoffsheim: bellezza, storia e architettura nella citt\u00e0 delle Palme"},"content":{"rendered":"<p><\/p>\n<p style=\"font-weight: 400\"><strong>Villa Garnier, Bordighera.<\/strong>\u00a0La citt\u00e0 delle Palme, gemma della Riviera dei Fiori, si \u00e8 recentemente confermata come una\u00a0<strong>dell\u2019eccellenze immobiliari del bel paese<\/strong>; l\u2019acquisto di un\u2019immobile o di una soluzione abitativa, di cui peraltro noi dell\u2019Agenzia Immobiliare Domus abbiamo una vasta e incantevole selezione, rappresenta un vero e proprio investimento.<\/p>\n<p>La citt\u00e0 ligure di Bordighera infatti, oltre ad essere caratterizzata da un <strong>clima invidiabile, paesaggi incantevoli, uno stile di vita unico<\/strong>, tranquillo e rilassato, sia in centro che in collina, ha anche, a differenza di altre realt\u00e0, mantenuto un&#8217;<strong>autenticit\u00e0<\/strong>\u00a0rispetto al passato, che la rende molto apprezzata.<\/p>\n<figure id=\"attachment_37596\" aria-describedby=\"caption-attachment-37596\" style=\"width: 1920px\" class=\"wp-caption aligncenter\"><img loading=\"lazy\" decoding=\"async\" class=\"wp-image-37596 size-full\" src=\"https:\/\/www.agenzia-domus.com\/wp-content\/uploads\/2024\/01\/010-2024-01-21-1920x1280-Article-Pictures-VillaGarnier-\u2013-3-1-1.jpg\" alt=\"\" width=\"1920\" height=\"1280\" srcset=\"https:\/\/www.agenzia-domus.com\/wp-content\/uploads\/2024\/01\/010-2024-01-21-1920x1280-Article-Pictures-VillaGarnier-\u2013-3-1-1.jpg 1920w, https:\/\/www.agenzia-domus.com\/wp-content\/uploads\/2024\/01\/010-2024-01-21-1920x1280-Article-Pictures-VillaGarnier-\u2013-3-1-1-300x200.jpg 300w, https:\/\/www.agenzia-domus.com\/wp-content\/uploads\/2024\/01\/010-2024-01-21-1920x1280-Article-Pictures-VillaGarnier-\u2013-3-1-1-1024x683.jpg 1024w, https:\/\/www.agenzia-domus.com\/wp-content\/uploads\/2024\/01\/010-2024-01-21-1920x1280-Article-Pictures-VillaGarnier-\u2013-3-1-1-500x333.jpg 500w, https:\/\/www.agenzia-domus.com\/wp-content\/uploads\/2024\/01\/010-2024-01-21-1920x1280-Article-Pictures-VillaGarnier-\u2013-3-1-1-1536x1024.jpg 1536w, https:\/\/www.agenzia-domus.com\/wp-content\/uploads\/2024\/01\/010-2024-01-21-1920x1280-Article-Pictures-VillaGarnier-\u2013-3-1-1-1568x1045.jpg 1568w\" sizes=\"auto, (max-width: 1920px) 100vw, 1920px\" \/><figcaption id=\"caption-attachment-37596\" class=\"wp-caption-text\">Vista di Bordighera. Foto di Saverio Chiappalone.<\/figcaption><\/figure>\n<p style=\"font-weight: 400\">Non solo, nel corso dei secoli la citt\u00e0 delle Palme ha sedotto professionisti italiani e stranieri. \u00a0Tra i nomi pi\u00f9 noti ricordiamo l<strong>\u2019Architetto parigino<\/strong>\u00a0<strong>Charles Garnier<\/strong>, che ha contribuito alla progettazione e all\u2019edificazione di ville favolose, le quali ancora oggi incantano chiunque abbia la fortuna di vederle passeggiando per Bordighera.<\/p>\n<h3 style=\"font-weight: 400\"><strong><em>La Bordighera di Monsieur Garnier: influenze architettoniche di un artista<\/em><\/strong><\/h3>\n<p style=\"font-weight: 400\">Charles Garnier nacque a Parigi nel 1825, iniziato allo studio di architettura dalla madre, elabor\u00f2 uno stile estremamente personale, simbolo dell\u2019epoca di Napoleone III, dal temperamento neobarocco e a tratti eclettico e riconoscibile in alcune delle sue opere principali, tra cui L&#8217;Opera Garnier a Parigi (1861-1875) e La sala di concerto del Casin\u00f2 a Montecarlo (1878-1879) &#8211;\u00a0<em>fonte Wikipedia.<\/em><\/p>\n<p style=\"font-weight: 400\">Monsieur Garnier conobbe Bordighera nel 1864 durante un suo soggiorno mentonasco, e come un altro notissimo artista francese \u2013 Claude Monet \u2013 se ne innamor\u00f2 perdutamente.<\/p>\n<p style=\"font-weight: 400;text-align: left\">Nel 1872, l\u2019Architetto acquist\u00f2 un lussureggiante palmeto, che trasform\u00f2 in un giardino botanico, situato attorno alla Cappella di San Sebastiano, dove fece realizzare una dimora destinata a diventare\u00a0<strong>una delle ville pi\u00f9 belle della Riviera: Villa Garnier.<\/strong><\/p>\n<figure id=\"attachment_37597\" aria-describedby=\"caption-attachment-37597\" style=\"width: 1920px\" class=\"wp-caption aligncenter\"><img loading=\"lazy\" decoding=\"async\" class=\"wp-image-37597 size-full\" src=\"https:\/\/www.agenzia-domus.com\/wp-content\/uploads\/2024\/01\/010-2024-01-21-1920x1280-Article-Pictures-VillaGarnier-\u2013-4-1-1.jpg\" alt=\"\" width=\"1920\" height=\"1280\" srcset=\"https:\/\/www.agenzia-domus.com\/wp-content\/uploads\/2024\/01\/010-2024-01-21-1920x1280-Article-Pictures-VillaGarnier-\u2013-4-1-1.jpg 1920w, https:\/\/www.agenzia-domus.com\/wp-content\/uploads\/2024\/01\/010-2024-01-21-1920x1280-Article-Pictures-VillaGarnier-\u2013-4-1-1-300x200.jpg 300w, https:\/\/www.agenzia-domus.com\/wp-content\/uploads\/2024\/01\/010-2024-01-21-1920x1280-Article-Pictures-VillaGarnier-\u2013-4-1-1-1024x683.jpg 1024w, https:\/\/www.agenzia-domus.com\/wp-content\/uploads\/2024\/01\/010-2024-01-21-1920x1280-Article-Pictures-VillaGarnier-\u2013-4-1-1-500x333.jpg 500w, https:\/\/www.agenzia-domus.com\/wp-content\/uploads\/2024\/01\/010-2024-01-21-1920x1280-Article-Pictures-VillaGarnier-\u2013-4-1-1-1536x1024.jpg 1536w, https:\/\/www.agenzia-domus.com\/wp-content\/uploads\/2024\/01\/010-2024-01-21-1920x1280-Article-Pictures-VillaGarnier-\u2013-4-1-1-1568x1045.jpg 1568w\" sizes=\"auto, (max-width: 1920px) 100vw, 1920px\" \/><figcaption id=\"caption-attachment-37597\" class=\"wp-caption-text\">Villa Garnier. Foto di Saverio Chiappalone.<\/figcaption><\/figure>\n<h3 style=\"font-weight: 400\"><strong><em>Villa Garnier, una dimora speciale nella Riviera dei Fiori, opera architettonica di immenso valore<\/em><\/strong><\/h3>\n<p style=\"font-weight: 400\">Villa Garnier, oggi casa vacanze a Bordighera, <strong>con camere in struttura d\u2019epoca, con un prestigioso giardino botanico e terrazza sul mare, a pochi minuti dalle spiagge,<\/strong>\u00a0\u00e8 caratterizzata da un\u2019eleganza particolare, in cui si possono riconoscere delle influenze orientali.<\/p>\n<figure id=\"attachment_37610\" aria-describedby=\"caption-attachment-37610\" style=\"width: 1920px\" class=\"wp-caption aligncenter\"><img loading=\"lazy\" decoding=\"async\" class=\"wp-image-37610 size-full\" src=\"https:\/\/www.agenzia-domus.com\/wp-content\/uploads\/2024\/01\/010-2024-01-21-1280x1920-Article-Pictures-VillaGarnier-\u2013-27.jpg\" alt=\"\" width=\"1920\" height=\"1280\" srcset=\"https:\/\/www.agenzia-domus.com\/wp-content\/uploads\/2024\/01\/010-2024-01-21-1280x1920-Article-Pictures-VillaGarnier-\u2013-27.jpg 1920w, https:\/\/www.agenzia-domus.com\/wp-content\/uploads\/2024\/01\/010-2024-01-21-1280x1920-Article-Pictures-VillaGarnier-\u2013-27-300x200.jpg 300w, https:\/\/www.agenzia-domus.com\/wp-content\/uploads\/2024\/01\/010-2024-01-21-1280x1920-Article-Pictures-VillaGarnier-\u2013-27-1024x683.jpg 1024w, https:\/\/www.agenzia-domus.com\/wp-content\/uploads\/2024\/01\/010-2024-01-21-1280x1920-Article-Pictures-VillaGarnier-\u2013-27-500x333.jpg 500w, https:\/\/www.agenzia-domus.com\/wp-content\/uploads\/2024\/01\/010-2024-01-21-1280x1920-Article-Pictures-VillaGarnier-\u2013-27-1536x1024.jpg 1536w, https:\/\/www.agenzia-domus.com\/wp-content\/uploads\/2024\/01\/010-2024-01-21-1280x1920-Article-Pictures-VillaGarnier-\u2013-27-1568x1045.jpg 1568w\" sizes=\"auto, (max-width: 1920px) 100vw, 1920px\" \/><figcaption id=\"caption-attachment-37610\" class=\"wp-caption-text\">Vista mare da Villa Garnier. Foto \u00a9Villa Garnier Casa per Ferie. \u00a0Dall&#8217;Emotional Book del Complesso residenziale Angst.<\/figcaption><\/figure>\n<figure id=\"attachment_37611\" aria-describedby=\"caption-attachment-37611\" style=\"width: 1920px\" class=\"wp-caption aligncenter\"><img loading=\"lazy\" decoding=\"async\" class=\"wp-image-37611 size-full\" src=\"https:\/\/www.agenzia-domus.com\/wp-content\/uploads\/2024\/01\/010-2024-01-21-1280x1920-Article-Pictures-VillaGarnier-\u2013-29.jpg\" alt=\"\" width=\"1920\" height=\"1280\" srcset=\"https:\/\/www.agenzia-domus.com\/wp-content\/uploads\/2024\/01\/010-2024-01-21-1280x1920-Article-Pictures-VillaGarnier-\u2013-29.jpg 1920w, https:\/\/www.agenzia-domus.com\/wp-content\/uploads\/2024\/01\/010-2024-01-21-1280x1920-Article-Pictures-VillaGarnier-\u2013-29-300x200.jpg 300w, https:\/\/www.agenzia-domus.com\/wp-content\/uploads\/2024\/01\/010-2024-01-21-1280x1920-Article-Pictures-VillaGarnier-\u2013-29-1024x683.jpg 1024w, https:\/\/www.agenzia-domus.com\/wp-content\/uploads\/2024\/01\/010-2024-01-21-1280x1920-Article-Pictures-VillaGarnier-\u2013-29-500x333.jpg 500w, https:\/\/www.agenzia-domus.com\/wp-content\/uploads\/2024\/01\/010-2024-01-21-1280x1920-Article-Pictures-VillaGarnier-\u2013-29-1536x1024.jpg 1536w, https:\/\/www.agenzia-domus.com\/wp-content\/uploads\/2024\/01\/010-2024-01-21-1280x1920-Article-Pictures-VillaGarnier-\u2013-29-1568x1045.jpg 1568w\" sizes=\"auto, (max-width: 1920px) 100vw, 1920px\" \/><figcaption id=\"caption-attachment-37611\" class=\"wp-caption-text\">Il Mare di Bordighera. Foto \u00a9Villa Garnier Casa per Ferie, dall&#8217;Emotional Book del Complesso residenziale Angst.<\/figcaption><\/figure>\n<p>Lo stile moresco, infatti, si identifica nella struttura della\u00a0<strong>torre di Villa Garnier, sottile e slanciata come un minareto arabo. \u00a0<\/strong>L&#8217;ingresso di Villa Garnier si distingue per la ricca decorazione degli\u00a0<strong>affreschi e dei disegni<\/strong>, opera di vari pittori, tra cui Lenepveu, Meissonier, Boulanger, Bida e Clairin, amici e ospiti dell&#8217;architetto.<\/p>\n<figure id=\"attachment_37599\" aria-describedby=\"caption-attachment-37599\" style=\"width: 1920px\" class=\"wp-caption aligncenter\"><img loading=\"lazy\" decoding=\"async\" class=\"wp-image-37599 size-full\" src=\"https:\/\/www.agenzia-domus.com\/wp-content\/uploads\/2024\/01\/010-2024-01-21-1920x1280-Article-Pictures-VillaGarnier-\u2013-5-1-1.jpg\" alt=\"\" width=\"1920\" height=\"1280\" srcset=\"https:\/\/www.agenzia-domus.com\/wp-content\/uploads\/2024\/01\/010-2024-01-21-1920x1280-Article-Pictures-VillaGarnier-\u2013-5-1-1.jpg 1920w, https:\/\/www.agenzia-domus.com\/wp-content\/uploads\/2024\/01\/010-2024-01-21-1920x1280-Article-Pictures-VillaGarnier-\u2013-5-1-1-300x200.jpg 300w, https:\/\/www.agenzia-domus.com\/wp-content\/uploads\/2024\/01\/010-2024-01-21-1920x1280-Article-Pictures-VillaGarnier-\u2013-5-1-1-1024x683.jpg 1024w, https:\/\/www.agenzia-domus.com\/wp-content\/uploads\/2024\/01\/010-2024-01-21-1920x1280-Article-Pictures-VillaGarnier-\u2013-5-1-1-500x333.jpg 500w, https:\/\/www.agenzia-domus.com\/wp-content\/uploads\/2024\/01\/010-2024-01-21-1920x1280-Article-Pictures-VillaGarnier-\u2013-5-1-1-1536x1024.jpg 1536w, https:\/\/www.agenzia-domus.com\/wp-content\/uploads\/2024\/01\/010-2024-01-21-1920x1280-Article-Pictures-VillaGarnier-\u2013-5-1-1-1568x1045.jpg 1568w\" sizes=\"auto, (max-width: 1920px) 100vw, 1920px\" \/><figcaption id=\"caption-attachment-37599\" class=\"wp-caption-text\">Torre di Villa Garnier. Foto di Saverio Chiappalone.<\/figcaption><\/figure>\n<p style=\"font-weight: 400\">Non solo! La sala di lettura ancora oggi, conserva la delicatezza delle decorazioni a mano, con <strong>medaglioni raffiguranti animali viventi<\/strong>, rispettando il gusto estetico dell&#8217;architetto Garnier.<\/p>\n<figure id=\"attachment_37600\" aria-describedby=\"caption-attachment-37600\" style=\"width: 300px\" class=\"wp-caption alignleft\"><img loading=\"lazy\" decoding=\"async\" class=\"size-medium wp-image-37600\" src=\"https:\/\/www.agenzia-domus.com\/wp-content\/uploads\/2024\/01\/010-2024-01-21-1280x1920-Article-Pictures-VillaGarnier-\u2013-22-2-300x200.jpg\" alt=\"\" width=\"300\" height=\"200\" srcset=\"https:\/\/www.agenzia-domus.com\/wp-content\/uploads\/2024\/01\/010-2024-01-21-1280x1920-Article-Pictures-VillaGarnier-\u2013-22-2-300x200.jpg 300w, https:\/\/www.agenzia-domus.com\/wp-content\/uploads\/2024\/01\/010-2024-01-21-1280x1920-Article-Pictures-VillaGarnier-\u2013-22-2-1024x683.jpg 1024w, https:\/\/www.agenzia-domus.com\/wp-content\/uploads\/2024\/01\/010-2024-01-21-1280x1920-Article-Pictures-VillaGarnier-\u2013-22-2-500x333.jpg 500w, https:\/\/www.agenzia-domus.com\/wp-content\/uploads\/2024\/01\/010-2024-01-21-1280x1920-Article-Pictures-VillaGarnier-\u2013-22-2-1536x1024.jpg 1536w, https:\/\/www.agenzia-domus.com\/wp-content\/uploads\/2024\/01\/010-2024-01-21-1280x1920-Article-Pictures-VillaGarnier-\u2013-22-2-1568x1045.jpg 1568w, https:\/\/www.agenzia-domus.com\/wp-content\/uploads\/2024\/01\/010-2024-01-21-1280x1920-Article-Pictures-VillaGarnier-\u2013-22-2.jpg 1920w\" sizes=\"auto, (max-width: 300px) 100vw, 300px\" \/><figcaption id=\"caption-attachment-37600\" class=\"wp-caption-text\">Decorazioni floreali di \u00a0Villa Garnier. Foto di Saverio Chiappalone.<\/figcaption><\/figure>\n<figure id=\"attachment_37601\" aria-describedby=\"caption-attachment-37601\" style=\"width: 300px\" class=\"wp-caption alignright\"><img loading=\"lazy\" decoding=\"async\" class=\"size-medium wp-image-37601\" src=\"https:\/\/www.agenzia-domus.com\/wp-content\/uploads\/2024\/01\/010-2024-01-21-1280x1920-Article-Pictures-VillaGarnier-\u2013-23-1-300x200.jpg\" alt=\"\" width=\"300\" height=\"200\" srcset=\"https:\/\/www.agenzia-domus.com\/wp-content\/uploads\/2024\/01\/010-2024-01-21-1280x1920-Article-Pictures-VillaGarnier-\u2013-23-1-300x200.jpg 300w, https:\/\/www.agenzia-domus.com\/wp-content\/uploads\/2024\/01\/010-2024-01-21-1280x1920-Article-Pictures-VillaGarnier-\u2013-23-1-1024x683.jpg 1024w, https:\/\/www.agenzia-domus.com\/wp-content\/uploads\/2024\/01\/010-2024-01-21-1280x1920-Article-Pictures-VillaGarnier-\u2013-23-1-500x333.jpg 500w, https:\/\/www.agenzia-domus.com\/wp-content\/uploads\/2024\/01\/010-2024-01-21-1280x1920-Article-Pictures-VillaGarnier-\u2013-23-1-1536x1024.jpg 1536w, https:\/\/www.agenzia-domus.com\/wp-content\/uploads\/2024\/01\/010-2024-01-21-1280x1920-Article-Pictures-VillaGarnier-\u2013-23-1-1568x1045.jpg 1568w, https:\/\/www.agenzia-domus.com\/wp-content\/uploads\/2024\/01\/010-2024-01-21-1280x1920-Article-Pictures-VillaGarnier-\u2013-23-1.jpg 1920w\" sizes=\"auto, (max-width: 300px) 100vw, 300px\" \/><figcaption id=\"caption-attachment-37601\" class=\"wp-caption-text\">Dettaglio della scale di Villa Garnier. Foto di Saverio Chiappalone.<\/figcaption><\/figure>\n<p style=\"font-weight: 400\">Nella sala da pranzo, il soffitto \u00e8 impreziosito da eleganti <strong>decorazioni floreali e da un magnifico affresco ottagonale di Baudry<\/strong>, che ritrae due angeli in una scena suggestiva.<\/p>\n<p style=\"font-weight: 400\">Le pareti delle scale, che conducono ai piani superiori sono state ornate con <strong>motivi geometrici<\/strong>, aggiungendo un tocco artistico che si integra armoniosamente con l&#8217;intero contesto architettonico di Villa Garnier.<\/p>\n<h3><\/h3>\n<h3 style=\"font-weight: 400\"><strong><em>Villa Bischoffsheim e la torre di Garnier: una firma di stile<\/em><\/strong><\/h3>\n<p style=\"font-weight: 400\">Oltre a Villa Garnier, l\u2019architetto parigino costru\u00ec anche\u00a0<strong>Villa Bischoffsheim, oggi nota come Villa Etelinda,\u00a0<\/strong>anch&#8217;essa tra le costruzioni pi\u00f9 belle della Riviera dei Fiori.<\/p>\n<figure id=\"attachment_37612\" aria-describedby=\"caption-attachment-37612\" style=\"width: 1920px\" class=\"wp-caption aligncenter\"><img loading=\"lazy\" decoding=\"async\" class=\"wp-image-37612 size-full\" src=\"https:\/\/www.agenzia-domus.com\/wp-content\/uploads\/2024\/01\/010-2024-01-21-1920x1280-Article-Pictures-VillaGarnier-\u2013-2-1-1.jpg\" alt=\"\" width=\"1920\" height=\"1280\" srcset=\"https:\/\/www.agenzia-domus.com\/wp-content\/uploads\/2024\/01\/010-2024-01-21-1920x1280-Article-Pictures-VillaGarnier-\u2013-2-1-1.jpg 1920w, https:\/\/www.agenzia-domus.com\/wp-content\/uploads\/2024\/01\/010-2024-01-21-1920x1280-Article-Pictures-VillaGarnier-\u2013-2-1-1-300x200.jpg 300w, https:\/\/www.agenzia-domus.com\/wp-content\/uploads\/2024\/01\/010-2024-01-21-1920x1280-Article-Pictures-VillaGarnier-\u2013-2-1-1-1024x683.jpg 1024w, https:\/\/www.agenzia-domus.com\/wp-content\/uploads\/2024\/01\/010-2024-01-21-1920x1280-Article-Pictures-VillaGarnier-\u2013-2-1-1-500x333.jpg 500w, https:\/\/www.agenzia-domus.com\/wp-content\/uploads\/2024\/01\/010-2024-01-21-1920x1280-Article-Pictures-VillaGarnier-\u2013-2-1-1-1536x1024.jpg 1536w, https:\/\/www.agenzia-domus.com\/wp-content\/uploads\/2024\/01\/010-2024-01-21-1920x1280-Article-Pictures-VillaGarnier-\u2013-2-1-1-1568x1045.jpg 1568w\" sizes=\"auto, (max-width: 1920px) 100vw, 1920px\" \/><figcaption id=\"caption-attachment-37612\" class=\"wp-caption-text\">Villa Etelinda. Foto di Visit Bordighera.<\/figcaption><\/figure>\n<p style=\"font-weight: 400\">L\u2019opera gli fu commissionata dal banchiere franco-tedesco Rapha\u00ebl Von Bischoffsheim che ci visse per diversi anni. Nel 1896, tuttavia, il Signor Von Bischoffsheim decise di lasciare Bordighera e la Riviera dei Fiori, a causa di una serie di incomprensioni con le autorit\u00e0 locali. Il banchiere vendette la villa alla nobile famiglia inglese del Conte di Strathmore Claudio Bow es Lyon, che spesso ospit\u00f2 alcuni tra i reali d&#8217;Inghilterra; tra i pi\u00f9 celebri possiamo menzionare il Duca di York, futuro Re Giorgio VI e l&#8217;amata figlia, Elisabetta II, la regina pi\u00f9 longeva del Regno Unito.<\/p>\n<figure id=\"attachment_37614\" aria-describedby=\"caption-attachment-37614\" style=\"width: 1920px\" class=\"wp-caption aligncenter\"><img loading=\"lazy\" decoding=\"async\" class=\"wp-image-37614 size-full\" src=\"https:\/\/www.agenzia-domus.com\/wp-content\/uploads\/2024\/01\/010-2024-01-21-1280x1920-Article-Pictures-VillaGarnier-\u2013-28.jpg\" alt=\"\" width=\"1920\" height=\"1280\" srcset=\"https:\/\/www.agenzia-domus.com\/wp-content\/uploads\/2024\/01\/010-2024-01-21-1280x1920-Article-Pictures-VillaGarnier-\u2013-28.jpg 1920w, https:\/\/www.agenzia-domus.com\/wp-content\/uploads\/2024\/01\/010-2024-01-21-1280x1920-Article-Pictures-VillaGarnier-\u2013-28-300x200.jpg 300w, https:\/\/www.agenzia-domus.com\/wp-content\/uploads\/2024\/01\/010-2024-01-21-1280x1920-Article-Pictures-VillaGarnier-\u2013-28-1024x683.jpg 1024w, https:\/\/www.agenzia-domus.com\/wp-content\/uploads\/2024\/01\/010-2024-01-21-1280x1920-Article-Pictures-VillaGarnier-\u2013-28-500x333.jpg 500w, https:\/\/www.agenzia-domus.com\/wp-content\/uploads\/2024\/01\/010-2024-01-21-1280x1920-Article-Pictures-VillaGarnier-\u2013-28-1536x1024.jpg 1536w, https:\/\/www.agenzia-domus.com\/wp-content\/uploads\/2024\/01\/010-2024-01-21-1280x1920-Article-Pictures-VillaGarnier-\u2013-28-1568x1045.jpg 1568w\" sizes=\"auto, (max-width: 1920px) 100vw, 1920px\" \/><figcaption id=\"caption-attachment-37614\" class=\"wp-caption-text\">Torre di Villa Etelinda. Foto dell&#8217;Emotional Book del Complesso residenziale Angst.<\/figcaption><\/figure>\n<p>Villa Bischoffsheim \u00e8 caratterizzata da uno stile architettonico molto vicino a quello di Villa Garnier; una scelta stilistica che si manifesta pienamente nella torre di Villa Etelinda, anch\u2019essa snella e alta.<\/p>\n<p>La villa sedusse personaggi illustri come il microbiologo Louis Pasteur e la regina d&#8217;Italia Margherita di Savoia, che ne furono ospiti durante i loro soggiorni nella Riviera dei Fiori, e ancora una volta il famoso impressionista Claude Monet, che rappresenta \u201cla sorella\u201d di Villa Garnier in un famosissimo quadro:<span style=\"color: #0000ff\">\u00a0<a style=\"color: #0000ff\" href=\"https:\/\/www.musee-orsay.fr\/it\/opere\/les-villas-bordighera-97724\">&#8220;Les Villas \u00e0 Bordighera&#8221;<\/a><\/span>,\u00a0conservato al Museo d&#8217;Orsay a Parigi.<\/p>\n<figure id=\"attachment_37603\" aria-describedby=\"caption-attachment-37603\" style=\"width: 1920px\" class=\"wp-caption aligncenter\"><img loading=\"lazy\" decoding=\"async\" class=\"wp-image-37603 size-full\" src=\"https:\/\/www.agenzia-domus.com\/wp-content\/uploads\/2024\/01\/010-2024-01-21-1920x1280-Article-Pictures-VillaGarnier-\u2013-1-1-1.jpg\" alt=\"\" width=\"1920\" height=\"1280\" srcset=\"https:\/\/www.agenzia-domus.com\/wp-content\/uploads\/2024\/01\/010-2024-01-21-1920x1280-Article-Pictures-VillaGarnier-\u2013-1-1-1.jpg 1920w, https:\/\/www.agenzia-domus.com\/wp-content\/uploads\/2024\/01\/010-2024-01-21-1920x1280-Article-Pictures-VillaGarnier-\u2013-1-1-1-300x200.jpg 300w, https:\/\/www.agenzia-domus.com\/wp-content\/uploads\/2024\/01\/010-2024-01-21-1920x1280-Article-Pictures-VillaGarnier-\u2013-1-1-1-1024x683.jpg 1024w, https:\/\/www.agenzia-domus.com\/wp-content\/uploads\/2024\/01\/010-2024-01-21-1920x1280-Article-Pictures-VillaGarnier-\u2013-1-1-1-500x333.jpg 500w, https:\/\/www.agenzia-domus.com\/wp-content\/uploads\/2024\/01\/010-2024-01-21-1920x1280-Article-Pictures-VillaGarnier-\u2013-1-1-1-1536x1024.jpg 1536w, https:\/\/www.agenzia-domus.com\/wp-content\/uploads\/2024\/01\/010-2024-01-21-1920x1280-Article-Pictures-VillaGarnier-\u2013-1-1-1-1568x1045.jpg 1568w\" sizes=\"auto, (max-width: 1920px) 100vw, 1920px\" \/><figcaption id=\"caption-attachment-37603\" class=\"wp-caption-text\">&#8220;La Corniche&#8221; Foto di &#8220;Monet en pleine lumi\u00e8re&#8221; Edition Hazan con la partecipazione del Grimaldi Forum.<\/figcaption><\/figure>\n<p>La stessa Regina Margherita l&#8217;acquist\u00f2 nel 1914 e la utilizz\u00f2 fino alla costruzione di Villa Regina Margherita. Dopo la morte della Regina, nel 1926, Villa Bischoffsheim fu donata dai reali all&#8217;Associazione Nazionale Famiglie dei Caduti e dei Dispersi in Guerra 17 Giugno 1926, che la gest\u00ec fino ai giorni nostri.<\/p>\n<figure id=\"attachment_37615\" aria-describedby=\"caption-attachment-37615\" style=\"width: 1920px\" class=\"wp-caption aligncenter\"><img loading=\"lazy\" decoding=\"async\" class=\"wp-image-37615 size-full\" src=\"https:\/\/www.agenzia-domus.com\/wp-content\/uploads\/2024\/01\/010-2024-01-21-1280x1920-Article-Pictures-VillaGarnier-\u2013-25.jpg\" alt=\"\" width=\"1920\" height=\"1280\" srcset=\"https:\/\/www.agenzia-domus.com\/wp-content\/uploads\/2024\/01\/010-2024-01-21-1280x1920-Article-Pictures-VillaGarnier-\u2013-25.jpg 1920w, https:\/\/www.agenzia-domus.com\/wp-content\/uploads\/2024\/01\/010-2024-01-21-1280x1920-Article-Pictures-VillaGarnier-\u2013-25-300x200.jpg 300w, https:\/\/www.agenzia-domus.com\/wp-content\/uploads\/2024\/01\/010-2024-01-21-1280x1920-Article-Pictures-VillaGarnier-\u2013-25-1024x683.jpg 1024w, https:\/\/www.agenzia-domus.com\/wp-content\/uploads\/2024\/01\/010-2024-01-21-1280x1920-Article-Pictures-VillaGarnier-\u2013-25-500x333.jpg 500w, https:\/\/www.agenzia-domus.com\/wp-content\/uploads\/2024\/01\/010-2024-01-21-1280x1920-Article-Pictures-VillaGarnier-\u2013-25-1536x1024.jpg 1536w, https:\/\/www.agenzia-domus.com\/wp-content\/uploads\/2024\/01\/010-2024-01-21-1280x1920-Article-Pictures-VillaGarnier-\u2013-25-1568x1045.jpg 1568w\" sizes=\"auto, (max-width: 1920px) 100vw, 1920px\" \/><figcaption id=\"caption-attachment-37615\" class=\"wp-caption-text\">Ritratto della Regina Margherita di Savoia presso Villa Regina Margherita. Foto dell&#8217;Emotional Book del Complesso residenziale Angst.<\/figcaption><\/figure>\n<h3 style=\"font-weight: 400\"><strong><em>Non solo Villa Garnier, il lascito dell\u2019Architetto parigino<\/em><\/strong><\/h3>\n<p style=\"font-weight: 400\"><strong>A Bordighera, oltre a Villa Garnier<\/strong>\u00a0e Villa Bischoffsheim, Monsieur Garnier, ha anche costruito anche altre opere.<\/p>\n<figure id=\"attachment_37604\" aria-describedby=\"caption-attachment-37604\" style=\"width: 300px\" class=\"wp-caption alignleft\"><img loading=\"lazy\" decoding=\"async\" class=\"wp-image-37604 size-medium\" src=\"https:\/\/www.agenzia-domus.com\/wp-content\/uploads\/2024\/01\/010-2024-01-21-1920x1280-Article-Pictures-VillaGarnier-\u2013-24-2-300x200.jpg\" alt=\"\" width=\"300\" height=\"200\" srcset=\"https:\/\/www.agenzia-domus.com\/wp-content\/uploads\/2024\/01\/010-2024-01-21-1920x1280-Article-Pictures-VillaGarnier-\u2013-24-2-300x200.jpg 300w, https:\/\/www.agenzia-domus.com\/wp-content\/uploads\/2024\/01\/010-2024-01-21-1920x1280-Article-Pictures-VillaGarnier-\u2013-24-2-1024x683.jpg 1024w, https:\/\/www.agenzia-domus.com\/wp-content\/uploads\/2024\/01\/010-2024-01-21-1920x1280-Article-Pictures-VillaGarnier-\u2013-24-2-500x333.jpg 500w, https:\/\/www.agenzia-domus.com\/wp-content\/uploads\/2024\/01\/010-2024-01-21-1920x1280-Article-Pictures-VillaGarnier-\u2013-24-2-1536x1024.jpg 1536w, https:\/\/www.agenzia-domus.com\/wp-content\/uploads\/2024\/01\/010-2024-01-21-1920x1280-Article-Pictures-VillaGarnier-\u2013-24-2-1568x1045.jpg 1568w, https:\/\/www.agenzia-domus.com\/wp-content\/uploads\/2024\/01\/010-2024-01-21-1920x1280-Article-Pictures-VillaGarnier-\u2013-24-2.jpg 1920w\" sizes=\"auto, (max-width: 300px) 100vw, 300px\" \/><figcaption id=\"caption-attachment-37604\" class=\"wp-caption-text\">Chiesa di Terrasanta. Disegno di Alda Teofili.<\/figcaption><\/figure>\n<figure id=\"attachment_37605\" aria-describedby=\"caption-attachment-37605\" style=\"width: 300px\" class=\"wp-caption alignright\"><img loading=\"lazy\" decoding=\"async\" class=\"wp-image-37605 size-medium\" src=\"https:\/\/www.agenzia-domus.com\/wp-content\/uploads\/2024\/01\/010-2024-01-21-1920x1280-Article-Pictures-VillaGarnier-\u2013-6-2-300x200.jpg\" alt=\"\" width=\"300\" height=\"200\" srcset=\"https:\/\/www.agenzia-domus.com\/wp-content\/uploads\/2024\/01\/010-2024-01-21-1920x1280-Article-Pictures-VillaGarnier-\u2013-6-2-300x200.jpg 300w, https:\/\/www.agenzia-domus.com\/wp-content\/uploads\/2024\/01\/010-2024-01-21-1920x1280-Article-Pictures-VillaGarnier-\u2013-6-2-1024x683.jpg 1024w, https:\/\/www.agenzia-domus.com\/wp-content\/uploads\/2024\/01\/010-2024-01-21-1920x1280-Article-Pictures-VillaGarnier-\u2013-6-2-500x333.jpg 500w, https:\/\/www.agenzia-domus.com\/wp-content\/uploads\/2024\/01\/010-2024-01-21-1920x1280-Article-Pictures-VillaGarnier-\u2013-6-2-1536x1024.jpg 1536w, https:\/\/www.agenzia-domus.com\/wp-content\/uploads\/2024\/01\/010-2024-01-21-1920x1280-Article-Pictures-VillaGarnier-\u2013-6-2-1568x1045.jpg 1568w, https:\/\/www.agenzia-domus.com\/wp-content\/uploads\/2024\/01\/010-2024-01-21-1920x1280-Article-Pictures-VillaGarnier-\u2013-6-2.jpg 1920w\" sizes=\"auto, (max-width: 300px) 100vw, 300px\" \/><figcaption id=\"caption-attachment-37605\" class=\"wp-caption-text\">Dettaglio della mappa di Bordighera 1) Villa Garnier; 2) Polizia Municipale; 3) Chiesa di Terrasanta; 4) Villa Etelinda; 5) Municipio. Illustrazione di Alda Teofili.<\/figcaption><\/figure>\n<p style=\"font-weight: 400\">Tra le pi\u00f9 significative possiamo annoverare: La Chiesa di Terrasanta , l&#8217;Hotel Belvedere; la Scuola comunale (oggi Municipio), Villa Studio, poste e telecomunicazioni (oggi sede della Polizia municipale). Opere di pregio, che si incontrano passeggiando per Bordighera. Edifici di una bellezza rara e senza tempo, che contribuiscono a rendere il fascino della cittadina ligure irresistibile e la realt\u00e0 immobiliare di Bordighera un settore in cui investire.<\/p>\n<p><span style=\"color: #0000ff\"><a style=\"color: #0000ff\" href=\"https:\/\/www.agenzia-domus.com\/it\/contact-us\/\">\u00a0<\/a><\/span><\/p>\n<figure id=\"attachment_37607\" aria-describedby=\"caption-attachment-37607\" style=\"width: 1920px\" class=\"wp-caption aligncenter\"><img loading=\"lazy\" decoding=\"async\" class=\"wp-image-37607 size-full\" src=\"https:\/\/www.agenzia-domus.com\/wp-content\/uploads\/2024\/01\/010-2024-01-21-1920x1280-Article-Pictures-VillaGarnier-\u2013-11-2.jpg\" alt=\"\" width=\"1920\" height=\"1280\" srcset=\"https:\/\/www.agenzia-domus.com\/wp-content\/uploads\/2024\/01\/010-2024-01-21-1920x1280-Article-Pictures-VillaGarnier-\u2013-11-2.jpg 1920w, https:\/\/www.agenzia-domus.com\/wp-content\/uploads\/2024\/01\/010-2024-01-21-1920x1280-Article-Pictures-VillaGarnier-\u2013-11-2-300x200.jpg 300w, https:\/\/www.agenzia-domus.com\/wp-content\/uploads\/2024\/01\/010-2024-01-21-1920x1280-Article-Pictures-VillaGarnier-\u2013-11-2-1024x683.jpg 1024w, https:\/\/www.agenzia-domus.com\/wp-content\/uploads\/2024\/01\/010-2024-01-21-1920x1280-Article-Pictures-VillaGarnier-\u2013-11-2-500x333.jpg 500w, https:\/\/www.agenzia-domus.com\/wp-content\/uploads\/2024\/01\/010-2024-01-21-1920x1280-Article-Pictures-VillaGarnier-\u2013-11-2-1536x1024.jpg 1536w, https:\/\/www.agenzia-domus.com\/wp-content\/uploads\/2024\/01\/010-2024-01-21-1920x1280-Article-Pictures-VillaGarnier-\u2013-11-2-1568x1045.jpg 1568w\" sizes=\"auto, (max-width: 1920px) 100vw, 1920px\" \/><figcaption id=\"caption-attachment-37607\" class=\"wp-caption-text\">Municipio. Foto di Saverio Chiappalone.<\/figcaption><\/figure>\n<p><span style=\"color: #0000ff\"><a style=\"color: #0000ff\" href=\"https:\/\/www.agenzia-domus.com\/it\/contact-us\/\">Vuoi saperne di pi\u00f9? Contattaci oggi stesso. <\/a><\/span><\/p>","protected":false},"excerpt":{"rendered":"<p>Villa Garnier, Bordighera.\u00a0La citt\u00e0 delle Palme, gemma della Riviera dei Fiori, si \u00e8 recentemente confermata come una\u00a0dell\u2019eccellenze immobiliari del bel paese; l\u2019acquisto di un\u2019immobile o di una soluzione abitativa, di cui peraltro noi dell\u2019Agenzia Immobiliare Domus abbiamo una vasta e incantevole selezione, rappresenta un vero e proprio investimento. La citt\u00e0 ligure di Bordighera infatti, oltre&hellip; <a class=\"more-link\" href=\"https:\/\/www.agenzia-domus.com\/it\/da-villa-garnier-a-villa-bischoffsheim-bellezza-e-architettura-nella-citta-delle-palme\/\">Continua a leggere <span class=\"screen-reader-text\">Da Villa Garnier a Villa Bischoffsheim: bellezza, storia e architettura nella citt\u00e0 delle Palme<\/span><\/a><\/p>\n","protected":false},"author":17,"featured_media":37609,"comment_status":"closed","ping_status":"closed","sticky":false,"template":"","format":"standard","meta":{"footnotes":""},"categories":[184,182,187,1,179],"tags":[],"class_list":["post-37594","post","type-post","status-publish","format-standard","has-post-thumbnail","hentry","category-comunicazione","category-consigli","category-proposte","category-senza-categoria","category-trend","entry"],"yoast_head":"<!-- This site is optimized with the Yoast SEO plugin v27.5 - https:\/\/yoast.com\/product\/yoast-seo-wordpress\/ -->\n<title>Da Villa Garnier a Villa Bischoffsheim: bellezza, storia e architettura nella citt\u00e0 delle Palme - Agenzia Domus<\/title>\n<meta name=\"description\" content=\"Agenzia Domus - Da Villa Garnier a Villa Bischoffsheim: bellezza, storia e architettura nella citt\u00e0 delle Palme - Comunicazione, Consigli, Proposte, Senza categoria, Trend\" \/>\n<meta name=\"robots\" content=\"index, follow, max-snippet:-1, max-image-preview:large, max-video-preview:-1\" \/>\n<link rel=\"canonical\" href=\"https:\/\/www.agenzia-domus.com\/it\/da-villa-garnier-a-villa-bischoffsheim-bellezza-e-architettura-nella-citta-delle-palme\/\" \/>\n<meta property=\"og:locale\" content=\"it_IT\" \/>\n<meta property=\"og:type\" content=\"article\" \/>\n<meta property=\"og:title\" content=\"Da Villa Garnier a Villa Bischoffsheim: bellezza, storia e architettura nella citt\u00e0 delle Palme - Agenzia Domus\" \/>\n<meta property=\"og:description\" content=\"Agenzia Domus - Da Villa Garnier a Villa Bischoffsheim: bellezza, storia e architettura nella citt\u00e0 delle Palme - Comunicazione, Consigli, Proposte, Senza categoria, Trend\" \/>\n<meta property=\"og:url\" content=\"https:\/\/www.agenzia-domus.com\/it\/da-villa-garnier-a-villa-bischoffsheim-bellezza-e-architettura-nella-citta-delle-palme\/\" \/>\n<meta property=\"og:site_name\" content=\"Agenzia Domus\" \/>\n<meta property=\"article:publisher\" content=\"https:\/\/www.facebook.com\/agdomus\/\" \/>\n<meta property=\"article:published_time\" content=\"2024-02-01T16:21:55+00:00\" \/>\n<meta property=\"article:modified_time\" content=\"2024-02-01T16:35:23+00:00\" \/>\n<meta property=\"og:image\" content=\"https:\/\/www.agenzia-domus.com\/wp-content\/uploads\/2024\/01\/010-2024-01-21-1280x1920-Article-Pictures-VillaGarnier-\u2013-26.jpg\" \/>\n\t<meta property=\"og:image:width\" content=\"1920\" \/>\n\t<meta property=\"og:image:height\" content=\"1280\" \/>\n\t<meta property=\"og:image:type\" content=\"image\/jpeg\" \/>\n<meta name=\"author\" content=\"Federica Carrega\" \/>\n<meta name=\"twitter:card\" content=\"summary_large_image\" \/>\n<meta name=\"twitter:label1\" content=\"Scritto da\" \/>\n\t<meta name=\"twitter:data1\" content=\"Federica Carrega\" \/>\n\t<meta name=\"twitter:label2\" content=\"Tempo di lettura stimato\" \/>\n\t<meta name=\"twitter:data2\" content=\"11 minuti\" \/>\n<script type=\"application\/ld+json\" class=\"yoast-schema-graph\">{\"@context\":\"https:\\\/\\\/schema.org\",\"@graph\":[{\"@type\":\"Article\",\"@id\":\"https:\\\/\\\/www.agenzia-domus.com\\\/en\\\/da-villa-garnier-a-villa-bischoffsheim-bellezza-e-architettura-nella-citta-delle-palme\\\/#article\",\"isPartOf\":{\"@id\":\"https:\\\/\\\/www.agenzia-domus.com\\\/en\\\/da-villa-garnier-a-villa-bischoffsheim-bellezza-e-architettura-nella-citta-delle-palme\\\/\"},\"author\":{\"name\":\"Federica Carrega\",\"@id\":\"https:\\\/\\\/www.agenzia-domus.com\\\/en\\\/#\\\/schema\\\/person\\\/5b0ca15b88a8b6c2b4776fc94010d4cb\"},\"headline\":\"Da Villa Garnier a Villa Bischoffsheim: bellezza, storia e architettura nella citt\u00e0 delle Palme\",\"datePublished\":\"2024-02-01T16:21:55+00:00\",\"dateModified\":\"2024-02-01T16:35:23+00:00\",\"mainEntityOfPage\":{\"@id\":\"https:\\\/\\\/www.agenzia-domus.com\\\/en\\\/da-villa-garnier-a-villa-bischoffsheim-bellezza-e-architettura-nella-citta-delle-palme\\\/\"},\"wordCount\":2169,\"publisher\":{\"@id\":\"https:\\\/\\\/www.agenzia-domus.com\\\/en\\\/#organization\"},\"image\":{\"@id\":\"https:\\\/\\\/www.agenzia-domus.com\\\/en\\\/da-villa-garnier-a-villa-bischoffsheim-bellezza-e-architettura-nella-citta-delle-palme\\\/#primaryimage\"},\"thumbnailUrl\":\"https:\\\/\\\/www.agenzia-domus.com\\\/wp-content\\\/uploads\\\/2024\\\/01\\\/010-2024-01-21-1280x1920-Article-Pictures-VillaGarnier-\u2013-26.jpg\",\"articleSection\":{\"0\":\"Comunicazione\",\"1\":\"Consigli\",\"2\":\"Proposte\",\"4\":\"Trend\"},\"inLanguage\":\"it-IT\"},{\"@type\":\"WebPage\",\"@id\":\"https:\\\/\\\/www.agenzia-domus.com\\\/it\\\/da-villa-garnier-a-villa-bischoffsheim-bellezza-e-architettura-nella-citta-delle-palme\\\/\",\"url\":\"https:\\\/\\\/www.agenzia-domus.com\\\/it\\\/da-villa-garnier-a-villa-bischoffsheim-bellezza-e-architettura-nella-citta-delle-palme\\\/\",\"name\":\"Da Villa Garnier a Villa Bischoffsheim: bellezza, storia e architettura nella citt\u00e0 delle Palme - Agenzia Domus\",\"isPartOf\":{\"@id\":\"https:\\\/\\\/www.agenzia-domus.com\\\/it\\\/#website\"},\"primaryImageOfPage\":{\"@id\":\"https:\\\/\\\/www.agenzia-domus.com\\\/it\\\/da-villa-garnier-a-villa-bischoffsheim-bellezza-e-architettura-nella-citta-delle-palme\\\/#primaryimage\"},\"image\":{\"@id\":\"https:\\\/\\\/www.agenzia-domus.com\\\/en\\\/da-villa-garnier-a-villa-bischoffsheim-bellezza-e-architettura-nella-citta-delle-palme\\\/#primaryimage\"},\"thumbnailUrl\":\"https:\\\/\\\/www.agenzia-domus.com\\\/wp-content\\\/uploads\\\/2024\\\/01\\\/010-2024-01-21-1280x1920-Article-Pictures-VillaGarnier-\u2013-26.jpg\",\"datePublished\":\"2024-02-01T16:21:55+00:00\",\"dateModified\":\"2024-02-01T16:35:23+00:00\",\"description\":\"Agenzia Domus - Da Villa Garnier a Villa Bischoffsheim: bellezza, storia e architettura nella citt\u00e0 delle Palme - Comunicazione, Consigli, Proposte, Senza categoria, Trend\",\"breadcrumb\":{\"@id\":\"https:\\\/\\\/www.agenzia-domus.com\\\/it\\\/da-villa-garnier-a-villa-bischoffsheim-bellezza-e-architettura-nella-citta-delle-palme\\\/#breadcrumb\"},\"inLanguage\":\"it-IT\",\"potentialAction\":[{\"@type\":\"ReadAction\",\"target\":[[\"https:\\\/\\\/www.agenzia-domus.com\\\/it\\\/da-villa-garnier-a-villa-bischoffsheim-bellezza-e-architettura-nella-citta-delle-palme\\\/\"]]}]},{\"@type\":\"ImageObject\",\"inLanguage\":\"it-IT\",\"@id\":\"https:\\\/\\\/www.agenzia-domus.com\\\/it\\\/da-villa-garnier-a-villa-bischoffsheim-bellezza-e-architettura-nella-citta-delle-palme\\\/#primaryimage\",\"url\":\"https:\\\/\\\/www.agenzia-domus.com\\\/wp-content\\\/uploads\\\/2024\\\/01\\\/010-2024-01-21-1280x1920-Article-Pictures-VillaGarnier-\u2013-26.jpg\",\"contentUrl\":\"https:\\\/\\\/www.agenzia-domus.com\\\/wp-content\\\/uploads\\\/2024\\\/01\\\/010-2024-01-21-1280x1920-Article-Pictures-VillaGarnier-\u2013-26.jpg\",\"width\":1920,\"height\":1280,\"caption\":\"Busto dell'Architetto Charles Garnier. Foto di Villa Garnier.\"},{\"@type\":\"BreadcrumbList\",\"@id\":\"https:\\\/\\\/www.agenzia-domus.com\\\/it\\\/da-villa-garnier-a-villa-bischoffsheim-bellezza-e-architettura-nella-citta-delle-palme\\\/#breadcrumb\",\"itemListElement\":[{\"@type\":\"ListItem\",\"position\":1,\"name\":\"Home\",\"item\":\"https:\\\/\\\/www.agenzia-domus.com\\\/it\\\/\"},{\"@type\":\"ListItem\",\"position\":2,\"name\":\"From Villa Garnier to Villa Bischoffsheim: beauty, history and architecture in the Palm City\"}]},{\"@type\":\"WebSite\",\"@id\":\"https:\\\/\\\/www.agenzia-domus.com\\\/it\\\/#website\",\"url\":\"https:\\\/\\\/www.agenzia-domus.com\\\/it\\\/\",\"name\":\"Agenzia Domus\",\"description\":\"Da oltre 50 anni nel mercato immobiliare\",\"publisher\":{\"@id\":\"https:\\\/\\\/www.agenzia-domus.com\\\/it\\\/#organization\"},\"potentialAction\":[{\"@type\":\"SearchAction\",\"target\":{\"@type\":\"EntryPoint\",\"urlTemplate\":\"https:\\\/\\\/www.agenzia-domus.com\\\/it\\\/?s={search_term_string}\"},\"query-input\":{\"@type\":\"PropertyValueSpecification\",\"valueRequired\":true,\"valueName\":\"search_term_string\"}}],\"inLanguage\":\"it-IT\"},{\"@type\":\"Organization\",\"@id\":\"https:\\\/\\\/www.agenzia-domus.com\\\/it\\\/#organization\",\"name\":\"Agenzia Domus\",\"url\":\"https:\\\/\\\/www.agenzia-domus.com\\\/it\\\/\",\"logo\":{\"@type\":\"ImageObject\",\"inLanguage\":\"it-IT\",\"@id\":\"https:\\\/\\\/www.agenzia-domus.com\\\/it\\\/#\\\/schema\\\/logo\\\/image\\\/\",\"url\":\"https:\\\/\\\/www.agenzia-domus.com\\\/wp-content\\\/uploads\\\/2022\\\/10\\\/cropped-Domus-Logo-blue.png\",\"contentUrl\":\"https:\\\/\\\/www.agenzia-domus.com\\\/wp-content\\\/uploads\\\/2022\\\/10\\\/cropped-Domus-Logo-blue.png\",\"width\":240,\"height\":87,\"caption\":\"Agenzia Domus\"},\"image\":{\"@id\":\"https:\\\/\\\/www.agenzia-domus.com\\\/it\\\/#\\\/schema\\\/logo\\\/image\\\/\"},\"sameAs\":[\"https:\\\/\\\/www.facebook.com\\\/agdomus\\\/\",\"https:\\\/\\\/it.linkedin.com\\\/company\\\/agenzia-domus\",\"https:\\\/\\\/www.instagram.com\\\/agenziadomus\",\"https:\\\/\\\/www.youtube.com\\\/channel\\\/UCbIm796_hjwQTSdw9-5IX3Q\"]},{\"@type\":\"Person\",\"@id\":\"https:\\\/\\\/www.agenzia-domus.com\\\/en\\\/#\\\/schema\\\/person\\\/5b0ca15b88a8b6c2b4776fc94010d4cb\",\"name\":\"Federica Carrega\",\"image\":{\"@type\":\"ImageObject\",\"inLanguage\":\"it-IT\",\"@id\":\"https:\\\/\\\/secure.gravatar.com\\\/avatar\\\/b2e2f7907603aa54d655ad194f10df9e7e100d4375bbfef9cd26620139f4bf9e?s=96&r=g\",\"url\":\"https:\\\/\\\/secure.gravatar.com\\\/avatar\\\/b2e2f7907603aa54d655ad194f10df9e7e100d4375bbfef9cd26620139f4bf9e?s=96&r=g\",\"contentUrl\":\"https:\\\/\\\/secure.gravatar.com\\\/avatar\\\/b2e2f7907603aa54d655ad194f10df9e7e100d4375bbfef9cd26620139f4bf9e?s=96&r=g\",\"caption\":\"Federica Carrega\"},\"url\":\"https:\\\/\\\/www.agenzia-domus.com\\\/it\\\/author\\\/federica-bmc\\\/\"}]}<\/script>\n<!-- \/ Yoast SEO plugin. -->","yoast_head_json":{"title":"Da Villa Garnier a Villa Bischoffsheim: bellezza, storia e architettura nella citt\u00e0 delle Palme - Agenzia Domus","description":"Agenzia Domus - Da Villa Garnier a Villa Bischoffsheim: bellezza, storia e architettura nella citt\u00e0 delle Palme - Comunicazione, Consigli, Proposte, Senza categoria, Trend","robots":{"index":"index","follow":"follow","max-snippet":"max-snippet:-1","max-image-preview":"max-image-preview:large","max-video-preview":"max-video-preview:-1"},"canonical":"https:\/\/www.agenzia-domus.com\/it\/da-villa-garnier-a-villa-bischoffsheim-bellezza-e-architettura-nella-citta-delle-palme\/","og_locale":"it_IT","og_type":"article","og_title":"Da Villa Garnier a Villa Bischoffsheim: bellezza, storia e architettura nella citt\u00e0 delle Palme - Agenzia Domus","og_description":"Agenzia Domus - Da Villa Garnier a Villa Bischoffsheim: bellezza, storia e architettura nella citt\u00e0 delle Palme - Comunicazione, Consigli, Proposte, Senza categoria, Trend","og_url":"https:\/\/www.agenzia-domus.com\/it\/da-villa-garnier-a-villa-bischoffsheim-bellezza-e-architettura-nella-citta-delle-palme\/","og_site_name":"Agenzia Domus","article_publisher":"https:\/\/www.facebook.com\/agdomus\/","article_published_time":"2024-02-01T16:21:55+00:00","article_modified_time":"2024-02-01T16:35:23+00:00","og_image":[{"width":1920,"height":1280,"url":"https:\/\/www.agenzia-domus.com\/wp-content\/uploads\/2024\/01\/010-2024-01-21-1280x1920-Article-Pictures-VillaGarnier-\u2013-26.jpg","type":"image\/jpeg"}],"author":"Federica Carrega","twitter_card":"summary_large_image","twitter_misc":{"Scritto da":"Federica Carrega","Tempo di lettura stimato":"11 minuti"},"schema":{"@context":"https:\/\/schema.org","@graph":[{"@type":"Article","@id":"https:\/\/www.agenzia-domus.com\/en\/da-villa-garnier-a-villa-bischoffsheim-bellezza-e-architettura-nella-citta-delle-palme\/#article","isPartOf":{"@id":"https:\/\/www.agenzia-domus.com\/en\/da-villa-garnier-a-villa-bischoffsheim-bellezza-e-architettura-nella-citta-delle-palme\/"},"author":{"name":"Federica Carrega","@id":"https:\/\/www.agenzia-domus.com\/en\/#\/schema\/person\/5b0ca15b88a8b6c2b4776fc94010d4cb"},"headline":"Da Villa Garnier a Villa Bischoffsheim: bellezza, storia e architettura nella citt\u00e0 delle Palme","datePublished":"2024-02-01T16:21:55+00:00","dateModified":"2024-02-01T16:35:23+00:00","mainEntityOfPage":{"@id":"https:\/\/www.agenzia-domus.com\/en\/da-villa-garnier-a-villa-bischoffsheim-bellezza-e-architettura-nella-citta-delle-palme\/"},"wordCount":2169,"publisher":{"@id":"https:\/\/www.agenzia-domus.com\/en\/#organization"},"image":{"@id":"https:\/\/www.agenzia-domus.com\/en\/da-villa-garnier-a-villa-bischoffsheim-bellezza-e-architettura-nella-citta-delle-palme\/#primaryimage"},"thumbnailUrl":"https:\/\/www.agenzia-domus.com\/wp-content\/uploads\/2024\/01\/010-2024-01-21-1280x1920-Article-Pictures-VillaGarnier-\u2013-26.jpg","articleSection":{"0":"Comunicazione","1":"Consigli","2":"Proposte","4":"Trend"},"inLanguage":"it-IT"},{"@type":"WebPage","@id":"https:\/\/www.agenzia-domus.com\/it\/da-villa-garnier-a-villa-bischoffsheim-bellezza-e-architettura-nella-citta-delle-palme\/","url":"https:\/\/www.agenzia-domus.com\/it\/da-villa-garnier-a-villa-bischoffsheim-bellezza-e-architettura-nella-citta-delle-palme\/","name":"Da Villa Garnier a Villa Bischoffsheim: bellezza, storia e architettura nella citt\u00e0 delle Palme - Agenzia Domus","isPartOf":{"@id":"https:\/\/www.agenzia-domus.com\/it\/#website"},"primaryImageOfPage":{"@id":"https:\/\/www.agenzia-domus.com\/it\/da-villa-garnier-a-villa-bischoffsheim-bellezza-e-architettura-nella-citta-delle-palme\/#primaryimage"},"image":{"@id":"https:\/\/www.agenzia-domus.com\/en\/da-villa-garnier-a-villa-bischoffsheim-bellezza-e-architettura-nella-citta-delle-palme\/#primaryimage"},"thumbnailUrl":"https:\/\/www.agenzia-domus.com\/wp-content\/uploads\/2024\/01\/010-2024-01-21-1280x1920-Article-Pictures-VillaGarnier-\u2013-26.jpg","datePublished":"2024-02-01T16:21:55+00:00","dateModified":"2024-02-01T16:35:23+00:00","description":"Agenzia Domus - Da Villa Garnier a Villa Bischoffsheim: bellezza, storia e architettura nella citt\u00e0 delle Palme - Comunicazione, Consigli, Proposte, Senza categoria, Trend","breadcrumb":{"@id":"https:\/\/www.agenzia-domus.com\/it\/da-villa-garnier-a-villa-bischoffsheim-bellezza-e-architettura-nella-citta-delle-palme\/#breadcrumb"},"inLanguage":"it-IT","potentialAction":[{"@type":"ReadAction","target":[["https:\/\/www.agenzia-domus.com\/it\/da-villa-garnier-a-villa-bischoffsheim-bellezza-e-architettura-nella-citta-delle-palme\/"]]}]},{"@type":"ImageObject","inLanguage":"it-IT","@id":"https:\/\/www.agenzia-domus.com\/it\/da-villa-garnier-a-villa-bischoffsheim-bellezza-e-architettura-nella-citta-delle-palme\/#primaryimage","url":"https:\/\/www.agenzia-domus.com\/wp-content\/uploads\/2024\/01\/010-2024-01-21-1280x1920-Article-Pictures-VillaGarnier-\u2013-26.jpg","contentUrl":"https:\/\/www.agenzia-domus.com\/wp-content\/uploads\/2024\/01\/010-2024-01-21-1280x1920-Article-Pictures-VillaGarnier-\u2013-26.jpg","width":1920,"height":1280,"caption":"Busto dell'Architetto Charles Garnier. Foto di Villa Garnier."},{"@type":"BreadcrumbList","@id":"https:\/\/www.agenzia-domus.com\/it\/da-villa-garnier-a-villa-bischoffsheim-bellezza-e-architettura-nella-citta-delle-palme\/#breadcrumb","itemListElement":[{"@type":"ListItem","position":1,"name":"Home","item":"https:\/\/www.agenzia-domus.com\/it\/"},{"@type":"ListItem","position":2,"name":"From Villa Garnier to Villa Bischoffsheim: beauty, history and architecture in the Palm City"}]},{"@type":"WebSite","@id":"https:\/\/www.agenzia-domus.com\/it\/#website","url":"https:\/\/www.agenzia-domus.com\/it\/","name":"Agenzia Domus","description":"Da oltre 50 anni nel mercato immobiliare","publisher":{"@id":"https:\/\/www.agenzia-domus.com\/it\/#organization"},"potentialAction":[{"@type":"SearchAction","target":{"@type":"EntryPoint","urlTemplate":"https:\/\/www.agenzia-domus.com\/it\/?s={search_term_string}"},"query-input":{"@type":"PropertyValueSpecification","valueRequired":true,"valueName":"search_term_string"}}],"inLanguage":"it-IT"},{"@type":"Organization","@id":"https:\/\/www.agenzia-domus.com\/it\/#organization","name":"Agenzia Domus","url":"https:\/\/www.agenzia-domus.com\/it\/","logo":{"@type":"ImageObject","inLanguage":"it-IT","@id":"https:\/\/www.agenzia-domus.com\/it\/#\/schema\/logo\/image\/","url":"https:\/\/www.agenzia-domus.com\/wp-content\/uploads\/2022\/10\/cropped-Domus-Logo-blue.png","contentUrl":"https:\/\/www.agenzia-domus.com\/wp-content\/uploads\/2022\/10\/cropped-Domus-Logo-blue.png","width":240,"height":87,"caption":"Agenzia Domus"},"image":{"@id":"https:\/\/www.agenzia-domus.com\/it\/#\/schema\/logo\/image\/"},"sameAs":["https:\/\/www.facebook.com\/agdomus\/","https:\/\/it.linkedin.com\/company\/agenzia-domus","https:\/\/www.instagram.com\/agenziadomus","https:\/\/www.youtube.com\/channel\/UCbIm796_hjwQTSdw9-5IX3Q"]},{"@type":"Person","@id":"https:\/\/www.agenzia-domus.com\/en\/#\/schema\/person\/5b0ca15b88a8b6c2b4776fc94010d4cb","name":"Federica Carrega","image":{"@type":"ImageObject","inLanguage":"it-IT","@id":"https:\/\/secure.gravatar.com\/avatar\/b2e2f7907603aa54d655ad194f10df9e7e100d4375bbfef9cd26620139f4bf9e?s=96&r=g","url":"https:\/\/secure.gravatar.com\/avatar\/b2e2f7907603aa54d655ad194f10df9e7e100d4375bbfef9cd26620139f4bf9e?s=96&r=g","contentUrl":"https:\/\/secure.gravatar.com\/avatar\/b2e2f7907603aa54d655ad194f10df9e7e100d4375bbfef9cd26620139f4bf9e?s=96&r=g","caption":"Federica Carrega"},"url":"https:\/\/www.agenzia-domus.com\/it\/author\/federica-bmc\/"}]}},"_links":{"self":[{"href":"https:\/\/www.agenzia-domus.com\/it\/wp-json\/wp\/v2\/posts\/37594","targetHints":{"allow":["GET"]}}],"collection":[{"href":"https:\/\/www.agenzia-domus.com\/it\/wp-json\/wp\/v2\/posts"}],"about":[{"href":"https:\/\/www.agenzia-domus.com\/it\/wp-json\/wp\/v2\/types\/post"}],"author":[{"embeddable":true,"href":"https:\/\/www.agenzia-domus.com\/it\/wp-json\/wp\/v2\/users\/17"}],"replies":[{"embeddable":true,"href":"https:\/\/www.agenzia-domus.com\/it\/wp-json\/wp\/v2\/comments?post=37594"}],"version-history":[{"count":64,"href":"https:\/\/www.agenzia-domus.com\/it\/wp-json\/wp\/v2\/posts\/37594\/revisions"}],"predecessor-version":[{"id":37721,"href":"https:\/\/www.agenzia-domus.com\/it\/wp-json\/wp\/v2\/posts\/37594\/revisions\/37721"}],"wp:featuredmedia":[{"embeddable":true,"href":"https:\/\/www.agenzia-domus.com\/it\/wp-json\/wp\/v2\/media\/37609"}],"wp:attachment":[{"href":"https:\/\/www.agenzia-domus.com\/it\/wp-json\/wp\/v2\/media?parent=37594"}],"wp:term":[{"taxonomy":"category","embeddable":true,"href":"https:\/\/www.agenzia-domus.com\/it\/wp-json\/wp\/v2\/categories?post=37594"},{"taxonomy":"post_tag","embeddable":true,"href":"https:\/\/www.agenzia-domus.com\/it\/wp-json\/wp\/v2\/tags?post=37594"}],"curies":[{"name":"wp","href":"https:\/\/api.w.org\/{rel}","templated":true}]}}